{"id":38,"date":"2017-12-12T10:26:17","date_gmt":"2017-12-12T09:26:17","guid":{"rendered":"http:\/\/stopprecarite59.noblogs.org\/?p=38"},"modified":"2017-12-14T08:24:38","modified_gmt":"2017-12-14T07:24:38","slug":"compte-rendu-de-la-reunion-du-6-decembre","status":"publish","type":"post","link":"https:\/\/stopprecarite59.noblogs.org\/?p=38","title":{"rendered":"COMPTE-RENDU de la R\u00e9union du 22 novembre :"},"content":{"rendered":"<p>Apr\u00e8s un tour de table la quinzaine de personnes pr\u00e9sentes est d&rsquo;accord sur le constat que les contrats aid\u00e9s ne sont pas la panac\u00e9e mais sont une r\u00e9ponse qui fait sens pour les personnes \u00e9loign\u00e9es durablement de l&#8217;emploi, pour couvrir des besoins, notamment associatifs qui ne seraient pas couverts autrement, pour les missions effectu\u00e9s qui ont une r\u00e9elle utilit\u00e9 sociale.<\/p>\n<p>Le Collectif (nom \u00e0 trouver) refuse la suppression sine die des contrats aid\u00e9s qui ne ferait que pr\u00e9cariser un peu plus voir mettre en danger les titulaires de ces contrats.<\/p>\n<p>Le Collectif (nom \u00e0 trouver) souhaite p\u00e9renniser les emplois et les missions effectu\u00e9s par le biais des contrats aid\u00e9s.<\/p>\n<p>Pour se faire, le Collectif (Nom \u00e0 trouver) propose d&rsquo;informer la population de l&rsquo;utilit\u00e9 sociale de ces contrats en :<\/p>\n<p>&#8211; Recensant et contactant les personnes qui ont d\u00e9j\u00e0 perdu leur contrat (Alain)<\/p>\n<p>&#8211; Recensant et contactant les titulaires de contrats aid\u00e9s pour les inviter \u00e0 rejoindre le collectif, (Isabelle et Jean-Fran\u00e7ois, Myriam, Olivier)<\/p>\n<p>&#8211; R\u00e9alisant avec l&rsquo;accord des personnes titulaires ou ex-titulaires de ces contrats, une vid\u00e9o expliquant leur m\u00e9tier et leur quotidien, (Katy)<\/p>\n<p>&#8211; publiant une Lettre Ouverte \u00e0 Monsieur le Haut Commissaire \u00e0 l\u2019\u00c9conomie Solidaire, (Olivier)<\/p>\n<p>&#8211; Organisant une journ\u00e9e de visibilisation des contrats aid\u00e9s. (dans un deuxi\u00e8me temps)<\/p>\n<p>Prochaine r\u00e9union de notre collectif le mercredi 6 d\u00e9cembre de 18h \u00e0 20h00 &#8211; 30 rue des meuniers \u00e0 Lille &#8211; M\u00b0 Gambetta<\/p>\n","protected":false},"excerpt":{"rendered":"<p>Apr\u00e8s un tour de table la quinzaine de personnes pr\u00e9sentes est d&rsquo;accord sur le constat que les contrats aid\u00e9s ne sont pas la panac\u00e9e mais sont une r\u00e9ponse qui fait sens pour les personnes \u00e9loign\u00e9es durablement de l&#8217;emploi, pour couvrir &hellip; <a href=\"https:\/\/stopprecarite59.noblogs.org\/?p=38\">Continuer la lecture <span class=\"meta-nav\">&rarr;<\/span><\/a><\/p>\n","protected":false},"author":12321,"featured_media":0,"comment_status":"open","ping_status":"closed","sticky":false,"template":"","format":"standard","meta":{"footnotes":""},"categories":[3],"tags":[],"class_list":["post-38","post","type-post","status-publish","format-standard","hentry","category-compte-rendu-des-reunions"],"_links":{"self":[{"href":"https:\/\/stopprecarite59.noblogs.org\/index.php?rest_route=\/wp\/v2\/posts\/38","targetHints":{"allow":["GET"]}}],"collection":[{"href":"https:\/\/stopprecarite59.noblogs.org\/index.php?rest_route=\/wp\/v2\/posts"}],"about":[{"href":"https:\/\/stopprecarite59.noblogs.org\/index.php?rest_route=\/wp\/v2\/types\/post"}],"author":[{"embeddable":true,"href":"https:\/\/stopprecarite59.noblogs.org\/index.php?rest_route=\/wp\/v2\/users\/12321"}],"replies":[{"embeddable":true,"href":"https:\/\/stopprecarite59.noblogs.org\/index.php?rest_route=%2Fwp%2Fv2%2Fcomments&post=38"}],"version-history":[{"count":3,"href":"https:\/\/stopprecarite59.noblogs.org\/index.php?rest_route=\/wp\/v2\/posts\/38\/revisions"}],"predecessor-version":[{"id":68,"href":"https:\/\/stopprecarite59.noblogs.org\/index.php?rest_route=\/wp\/v2\/posts\/38\/revisions\/68"}],"wp:attachment":[{"href":"https:\/\/stopprecarite59.noblogs.org\/index.php?rest_route=%2Fwp%2Fv2%2Fmedia&parent=38"}],"wp:term":[{"taxonomy":"category","embeddable":true,"href":"https:\/\/stopprecarite59.noblogs.org\/index.php?rest_route=%2Fwp%2Fv2%2Fcategories&post=38"},{"taxonomy":"post_tag","embeddable":true,"href":"https:\/\/stopprecarite59.noblogs.org\/index.php?rest_route=%2Fwp%2Fv2%2Ftags&post=38"}],"curies":[{"name":"wp","href":"https:\/\/api.w.org\/{rel}","templated":true}]}}